{"id":722,"date":"2020-07-08T12:37:00","date_gmt":"2020-07-08T09:37:00","guid":{"rendered":"https:\/\/lmp.ee\/uncategorized\/koolitus-andmekaitse-ja-isikuandmete-tootlemine\/"},"modified":"2024-07-22T13:16:13","modified_gmt":"2024-07-22T10:16:13","slug":"koolitus-andmekaitse-ja-isikuandmete-tootlemine","status":"publish","type":"post","link":"https:\/\/lmp.ee\/en\/uncategorized\/koolitus-andmekaitse-ja-isikuandmete-tootlemine\/","title":{"rendered":"Koolitus: Andmekaitse ja isikuandmete t\u00f6\u00f6tlemine"},"content":{"rendered":"\n<p class=\"wp-el\"><strong>12. augustil kell 09:30-14:45<\/strong> toimub koolitus \u201cAndmekaitse ja isikuandmete t\u00f6\u00f6tlemine\u201d Tartus. \u00d5ppep\u00e4eva viib l\u00e4bi Advokaadib\u00fcroo LMP advokaat Kristina Viznovit\u0161.<\/p>\n\n\n\n<p class=\"wp-el\">Koolituse eesm\u00e4rk on anda osalejale teadmised, mis on vajalikud asutuse&nbsp; dokumentatsiooni andmekaitse n\u00f5uetega vastavusse viimiseks, t\u00f5sta inimeste teadlikkust isikuandmete t\u00f6\u00f6tlemisel arvutis ja mobiilseadmetes kaasnevatest riskidest.Koolituse eesm\u00e4rk on ka&nbsp; v\u00e4hendada isikuandmetega seotud rikkumiste (sh andmelekete) riske.<\/p>\n\n\n\n<p class=\"wp-el\">Koolituse sisu:<\/p>\n\n\n\n<p class=\"wp-el\">\u00dclevaade uuest andmekaitsereformist<\/p>\n\n\n\n<ul class=\"wp-block-list wp-el\">\n<li>Mis muutub ja mis j\u00e4\u00e4b samaks?<\/li>\n\n\n\n<li>Mis on isikuandmed, sh eriliiki andmed<\/li>\n\n\n\n<li>Isikuandmete t\u00f6\u00f6tlemise p\u00f5him\u00f5tted ja \u00f5iguslikud alused<\/li>\n\n\n\n<li>Vastutava ja volitatud t\u00f6\u00f6tleja m\u00f5iste ja kohustused<\/li>\n\n\n\n<li>Andmesubjekti \u00f5igused tema isikuandmete suhtes<\/li>\n<\/ul>\n\n\n\n<p class=\"wp-el\">Andmekaitsem\u00e4\u00e4ruse n\u00f5uete t\u00e4itmine organisatsioonis<\/p>\n\n\n\n<ul class=\"wp-block-list wp-el\">\n<li>Andmekaitsealase tegevusplaani koostamine; andmekaitsealane auditeerimine ja dokumenteerimine<\/li>\n\n\n\n<li>Kes peavad pidama isikuandmete t\u00f6\u00f6tlemise toimingute registrit?<\/li>\n\n\n\n<li>Millal peab viima l\u00e4bi andmekaitsealase m\u00f5juhinnangu?<\/li>\n\n\n\n<li>Isikuandmete t\u00f6\u00f6tlemisega seotud riskide anal\u00fc\u00fcs<\/li>\n\n\n\n<li>Rikkumiste teoreetilisi ja praktilisi n\u00e4iteid<\/li>\n\n\n\n<li>Levinumad t\u00fc\u00fcpvead, puudused ja ebak\u00f5lad<\/li>\n\n\n\n<li>Uudiskirjad, personaalsed pakkumised ja kliendibaasid<\/li>\n\n\n\n<li>Juhtumite anal\u00fc\u00fcs<\/li>\n\n\n\n<li>Kuidas viia oma organisatsioon vastavusse andmekaitse n\u00f5uetega?<\/li>\n\n\n\n<li>Kes peavad m\u00e4\u00e4rama andmekaitsespetsialistid?<\/li>\n\n\n\n<li>Andmekaitsespetsialisti kohustused ja kompetentsid<\/li>\n\n\n\n<li>Klientide ja t\u00f6\u00f6tajate isikuandmete kaitse: vajalikud turvameetmed<\/li>\n\n\n\n<li>Kuidas k\u00e4ituda andmetega seotud rikkumise \/ andmelekke korral?<\/li>\n<\/ul>\n\n\n\n<p class=\"wp-el\"><em>Rohkem infot koolituse kohta\u00a0www.reiting.ee<\/em><\/p>\n","protected":false},"excerpt":{"rendered":"<p>12. augustil kell 09:30-14:45 toimub koolitus \u201cAndmekaitse ja isikuandmete t\u00f6\u00f6tlemine\u201d Tartus. \u00d5ppep\u00e4eva viib l\u00e4bi Advokaadib\u00fcroo LMP advokaat Kristina Viznovit\u0161. Koolituse&#8230;<\/p>\n","protected":false},"author":1,"featured_media":0,"comment_status":"closed","ping_status":"closed","sticky":false,"template":"","format":"standard","meta":{"_acf_changed":false,"inline_featured_image":false,"footnotes":"","_links_to":"","_links_to_target":""},"categories":[4],"tags":[],"class_list":["post-722","post","type-post","status-publish","format-standard","hentry","category-uncategorized"],"acf":[],"views":9,"_links":{"self":[{"href":"https:\/\/lmp.ee\/en\/wp-json\/wp\/v2\/posts\/722","targetHints":{"allow":["GET"]}}],"collection":[{"href":"https:\/\/lmp.ee\/en\/wp-json\/wp\/v2\/posts"}],"about":[{"href":"https:\/\/lmp.ee\/en\/wp-json\/wp\/v2\/types\/post"}],"author":[{"embeddable":true,"href":"https:\/\/lmp.ee\/en\/wp-json\/wp\/v2\/users\/1"}],"replies":[{"embeddable":true,"href":"https:\/\/lmp.ee\/en\/wp-json\/wp\/v2\/comments?post=722"}],"version-history":[{"count":2,"href":"https:\/\/lmp.ee\/en\/wp-json\/wp\/v2\/posts\/722\/revisions"}],"predecessor-version":[{"id":3224,"href":"https:\/\/lmp.ee\/en\/wp-json\/wp\/v2\/posts\/722\/revisions\/3224"}],"wp:attachment":[{"href":"https:\/\/lmp.ee\/en\/wp-json\/wp\/v2\/media?parent=722"}],"wp:term":[{"taxonomy":"category","embeddable":true,"href":"https:\/\/lmp.ee\/en\/wp-json\/wp\/v2\/categories?post=722"},{"taxonomy":"post_tag","embeddable":true,"href":"https:\/\/lmp.ee\/en\/wp-json\/wp\/v2\/tags?post=722"}],"curies":[{"name":"wp","href":"https:\/\/api.w.org\/{rel}","templated":true}]}}